{"id":5429,"date":"2017-03-07T17:51:23","date_gmt":"2017-03-07T16:51:23","guid":{"rendered":"http:\/\/rhone.libre-en-fete.net\/?p=5429"},"modified":"2017-03-07T17:51:23","modified_gmt":"2017-03-07T16:51:23","slug":"agenda-2017-de-libre-en-fete-dans-le-rhone","status":"publish","type":"post","link":"https:\/\/rhone.libre-en-fete.net\/?p=5429","title":{"rendered":"Agenda 2017 de Libre en F\u00eate dans le Rh\u00f4ne"},"content":{"rendered":"<p>Les principaux \u00e9v\u00e8nements de l&rsquo;agenda du Rh\u00f4ne. Pour trouver les autres actions qui se font ailleurs, consultez <a href=\"http:\/\/www.agendadulibre.org\/tags\/libre-en-fete\" target=\"_blank\">l&rsquo;Agenda du Libre<\/a><\/p>\n<p>(attention ce programme est en cours d&rsquo;actualisation, revenez le voir r\u00e9guli\u00e8rement ou <a href=\"https:\/\/framasphere.org\/people\/425b71e091f401339d932a0000053625\" target=\"_blank\">suivez l&rsquo;ALDIL sur http:\/\/framasphere.org<\/a> ou sur <a href=\"https:\/\/twitter.com\/aldil_lyon\" target=\"_blank\">twitter<\/a><\/p>\n<div class=\"em em-view-container\" id=\"em-view-1252140316\" data-view=\"list-grouped\">\r\n\t<div class=\"em-list em-events-list em-events-list-grouped\" id=\"em-events-list-grouped-1252140316\">\r\n\t<h2>6 mars 2017 - 12 mars 2017<\/h2><table cellpadding=\"0\" cellspacing=\"0\" class=\"events-table\" >\r\n    <thead>\r\n        <tr>\r\n\t\t\t<th class=\"event-time\" width=\"150\">Date\/Time<\/th>\r\n\t\t\t<th class=\"event-description\" width=\"*\">Event<\/th>\r\n\t\t<\/tr>\r\n   \t<\/thead>\r\n    <tbody><tr>\r\n\t\t\t<td>\r\n                07\/03\/2017<br\/>\r\n                17 h 00 min - 19 h 00 min\r\n            <\/td>\r\n            <td>\r\n                 <a href=\"https:\/\/rhone.libre-en-fete.net\/?event=retoucher-ses-photos-avec-gimp-2\">Retoucher ses photos avec GIMP<\/a>\r\n                <br\/><i>M\u00e9diath\u00e8que de Vaise, Lyon <\/i>\r\n            <\/td>\r\n        <\/tr><tr>\r\n\t\t\t<td>\r\n                09\/03\/2017<br\/>\r\n                19 h 00 min - 21 h 00 min\r\n            <\/td>\r\n            <td>\r\n                 <a href=\"https:\/\/rhone.libre-en-fete.net\/?event=jeudi-du-libre-cozy-cloud\">Jeudi du libre : Cozy Cloud<\/a>\r\n                <br\/><i>Maison Pour Tous &#8211; Salle des Rancy, Lyon <\/i>\r\n            <\/td>\r\n        <\/tr><tr>\r\n\t\t\t<td>\r\n                09\/03\/2017<br\/>\r\n                19 h 00 min - 21 h 30 min\r\n            <\/td>\r\n            <td>\r\n                 <a href=\"https:\/\/rhone.libre-en-fete.net\/?event=jeudi-numerique-libre-creer-facilement-votre-siteblog-avec-pluxml\">Jeudi Num\u00e9rique Libre : Cr\u00e9er facilement votre site\/blog avec PluXml<\/a>\r\n                <br\/><i>Maison Pour Tous &#8211; Salle des Rancy, Lyon <\/i>\r\n            <\/td>\r\n        <\/tr><tr>\r\n\t\t\t<td>\r\n                10\/03\/2017<br\/>\r\n                18 h 00 min - 19 h 30 min\r\n            <\/td>\r\n            <td>\r\n                 <a href=\"https:\/\/rhone.libre-en-fete.net\/?event=culture-libre\">Culture libre !<\/a>\r\n                <br\/><i>BM Lyon 8e (Bachut), Lyon <\/i>\r\n            <\/td>\r\n        <\/tr><tr>\r\n\t\t\t<td>\r\n                11\/03\/2017<br\/>\r\n                10 h 00 min - 12 h 00 min\r\n            <\/td>\r\n            <td>\r\n                 <a href=\"https:\/\/rhone.libre-en-fete.net\/?event=etre-efficace-avec-un-reseau-social-libre-diaspora-ou-framasphere\">Etre efficace avec un r\u00e9seau social libre (diaspora* ou framasph\u00e8re)<\/a>\r\n                <br\/><i>Maison Pour Tous &#8211; Salle des Rancy, Lyon <\/i>\r\n            <\/td>\r\n        <\/tr><\/tbody><\/table>\r\n<h2>13 mars 2017 - 19 mars 2017<\/h2><table cellpadding=\"0\" cellspacing=\"0\" class=\"events-table\" >\r\n    <thead>\r\n        <tr>\r\n\t\t\t<th class=\"event-time\" width=\"150\">Date\/Time<\/th>\r\n\t\t\t<th class=\"event-description\" width=\"*\">Event<\/th>\r\n\t\t<\/tr>\r\n   \t<\/thead>\r\n    <tbody><tr>\r\n\t\t\t<td>\r\n                15\/03\/2017<br\/>\r\n                17 h 00 min - 19 h 00 min\r\n            <\/td>\r\n            <td>\r\n                 <a href=\"https:\/\/rhone.libre-en-fete.net\/?event=montage-et-utilisation-du-raspberry-pi\">Montage et utilisation du Raspberry Pi<\/a>\r\n                <br\/><i>BM Lyon 3e (Part-Dieu), Lyon <\/i>\r\n            <\/td>\r\n        <\/tr><tr>\r\n\t\t\t<td>\r\n                18\/03\/2017<br\/>\r\n                10 h 00 min - 12 h 00 min\r\n            <\/td>\r\n            <td>\r\n                 <a href=\"https:\/\/rhone.libre-en-fete.net\/?event=integrer-diaspora-avec-son-blog-ou-site-web-wordpress\">Int\u00e9grer diaspora* avec son blog ou site web (wordpress)<\/a>\r\n                <br\/><i>Maison Pour Tous &#8211; Salle des Rancy, Lyon <\/i>\r\n            <\/td>\r\n        <\/tr><tr>\r\n\t\t\t<td>\r\n                18\/03\/2017<br\/>\r\n                16 h 00 min - 18 h 00 min\r\n            <\/td>\r\n            <td>\r\n                 <a href=\"https:\/\/rhone.libre-en-fete.net\/?event=coder-en-samusant-avec-scratch-et-makey-makey\">Coder en s&#039;amusant Avec Scratch et Makey Makey<\/a>\r\n                <br\/><i>BM Lyon 3e (Part-Dieu), Lyon <\/i>\r\n            <\/td>\r\n        <\/tr><\/tbody><\/table>\r\n<h2>20 mars 2017 - 26 mars 2017<\/h2><table cellpadding=\"0\" cellspacing=\"0\" class=\"events-table\" >\r\n    <thead>\r\n        <tr>\r\n\t\t\t<th class=\"event-time\" width=\"150\">Date\/Time<\/th>\r\n\t\t\t<th class=\"event-description\" width=\"*\">Event<\/th>\r\n\t\t<\/tr>\r\n   \t<\/thead>\r\n    <tbody><tr>\r\n\t\t\t<td>\r\n                25\/03\/2017<br\/>\r\n                10 h 00 min - 12 h 00 min\r\n            <\/td>\r\n            <td>\r\n                 <a href=\"https:\/\/rhone.libre-en-fete.net\/?event=contribuer-sur-wikipedia\">Contribuer sur Wikip\u00e9dia<\/a>\r\n                <br\/><i>BM Lyon 2e (Perrache), Lyon <\/i>\r\n            <\/td>\r\n        <\/tr><tr>\r\n\t\t\t<td>\r\n                25\/03\/2017<br\/>\r\n                10 h 00 min - 12 h 00 min\r\n            <\/td>\r\n            <td>\r\n                 <a href=\"https:\/\/rhone.libre-en-fete.net\/?event=partage-et-edition-dans-un-nuage-libre-owncloud\">Partage et \u00e9dition dans un nuage libre (owncloud)<\/a>\r\n                <br\/><i>Maison Pour Tous &#8211; Salle des Rancy, Lyon <\/i>\r\n            <\/td>\r\n        <\/tr><tr>\r\n\t\t\t<td>\r\n                25\/03\/2017<br\/>\r\n                14 h 00 min - 18 h 00 min\r\n            <\/td>\r\n            <td>\r\n                 <a href=\"https:\/\/rhone.libre-en-fete.net\/?event=festival-reconnecte\">Festival (re)Connect\u00e9<\/a>\r\n                <br\/><i>Salle des f\u00eates, Brindas <\/i>\r\n            <\/td>\r\n        <\/tr><\/tbody><\/table>\r\n<h2>27 mars 2017 - 2 avril 2017<\/h2><table cellpadding=\"0\" cellspacing=\"0\" class=\"events-table\" >\r\n    <thead>\r\n        <tr>\r\n\t\t\t<th class=\"event-time\" width=\"150\">Date\/Time<\/th>\r\n\t\t\t<th class=\"event-description\" width=\"*\">Event<\/th>\r\n\t\t<\/tr>\r\n   \t<\/thead>\r\n    <tbody><tr>\r\n\t\t\t<td>\r\n                01\/04\/2017 - 02\/04\/2017<br\/>\r\n                10 h 00 min - 18 h 00 min\r\n            <\/td>\r\n            <td>\r\n                 <a href=\"https:\/\/rhone.libre-en-fete.net\/?event=18emes-journees-du-logiciel-libre\">18\u00e8mes Journ\u00e9es du Logiciel Libre<\/a>\r\n                <br\/><i>Maison Pour Tous &#8211; Salle des Rancy, Lyon <\/i>\r\n            <\/td>\r\n        <\/tr><\/tbody><\/table>\r\n<h2>3 avril 2017 - 9 avril 2017<\/h2><table cellpadding=\"0\" cellspacing=\"0\" class=\"events-table\" >\r\n    <thead>\r\n        <tr>\r\n\t\t\t<th class=\"event-time\" width=\"150\">Date\/Time<\/th>\r\n\t\t\t<th class=\"event-description\" width=\"*\">Event<\/th>\r\n\t\t<\/tr>\r\n   \t<\/thead>\r\n    <tbody><tr>\r\n\t\t\t<td>\r\n                08\/04\/2017<br\/>\r\n                10 h 00 min - 17 h 00 min\r\n            <\/td>\r\n            <td>\r\n                 <a href=\"https:\/\/rhone.libre-en-fete.net\/?event=portes-ouvertes-tarare-micro-club-informatique\">Portes ouvertes - TARARE MICRO Club Informatique<\/a>\r\n                <br\/><i>Centre municipal des loisirs, Tarare <\/i>\r\n            <\/td>\r\n        <\/tr><\/tbody><\/table>\r\n<h2>17 avril 2017 - 23 avril 2017<\/h2><table cellpadding=\"0\" cellspacing=\"0\" class=\"events-table\" >\r\n    <thead>\r\n        <tr>\r\n\t\t\t<th class=\"event-time\" width=\"150\">Date\/Time<\/th>\r\n\t\t\t<th class=\"event-description\" width=\"*\">Event<\/th>\r\n\t\t<\/tr>\r\n   \t<\/thead>\r\n    <tbody><tr>\r\n\t\t\t<td>\r\n                18\/04\/2017<br\/>\r\n                17 h 00 min - 18 h 45 min\r\n            <\/td>\r\n            <td>\r\n                 <a href=\"https:\/\/rhone.libre-en-fete.net\/?event=musique-libre-et-inde\">Musique libre et ind\u00e9<\/a>\r\n                <br\/><i>M\u00e9diath\u00e8que de Vaise, Lyon <\/i>\r\n            <\/td>\r\n        <\/tr><tr>\r\n\t\t\t<td>\r\n                19\/04\/2017<br\/>\r\n                10 h 00 min - 12 h 00 min\r\n            <\/td>\r\n            <td>\r\n                 <a href=\"https:\/\/rhone.libre-en-fete.net\/?event=retoucher-ses-photos-avec-gimp-3\">Retoucher ses photos avec GIMP<\/a>\r\n                <br\/><i>BM Lyon 8e (Bachut), Lyon <\/i>\r\n            <\/td>\r\n        <\/tr><\/tbody><\/table>\r\n<h2>24 avril 2017 - 30 avril 2017<\/h2><table cellpadding=\"0\" cellspacing=\"0\" class=\"events-table\" >\r\n    <thead>\r\n        <tr>\r\n\t\t\t<th class=\"event-time\" width=\"150\">Date\/Time<\/th>\r\n\t\t\t<th class=\"event-description\" width=\"*\">Event<\/th>\r\n\t\t<\/tr>\r\n   \t<\/thead>\r\n    <tbody><tr>\r\n\t\t\t<td>\r\n                25\/04\/2017<br\/>\r\n                18 h 00 min - 19 h 00 min\r\n            <\/td>\r\n            <td>\r\n                 <a href=\"https:\/\/rhone.libre-en-fete.net\/?event=decouverte-de-framapad\">D\u00e9couverte de Framapad<\/a>\r\n                <br\/><i>BM 7e (Gerland), Lyon <\/i>\r\n            <\/td>\r\n        <\/tr><\/tbody><\/table>\r\n\t<\/div>\r\n<\/div>\n","protected":false},"excerpt":{"rendered":"<p>Les principaux \u00e9v\u00e8nements de l&rsquo;agenda du Rh\u00f4ne. Pour trouver les autres actions qui se font ailleurs, consultez l&rsquo;Agenda du Libre (attention ce programme est en cours d&rsquo;actualisation, revenez le voir r\u00e9guli\u00e8rement ou suivez l&rsquo;ALDIL sur http:\/\/framasphere.org ou sur twitter<\/p>\n","protected":false},"author":276,"featured_media":0,"comment_status":"open","ping_status":"open","sticky":false,"template":"","format":"standard","meta":{"footnotes":""},"categories":[4,6,1],"tags":[837,835],"class_list":["post-5429","post","type-post","status-publish","format-standard","hentry","category-actualites","category-events","category-informations","tag-libre-en-fete","tag-programme"],"_links":{"self":[{"href":"https:\/\/rhone.libre-en-fete.net\/index.php?rest_route=\/wp\/v2\/posts\/5429","targetHints":{"allow":["GET"]}}],"collection":[{"href":"https:\/\/rhone.libre-en-fete.net\/index.php?rest_route=\/wp\/v2\/posts"}],"about":[{"href":"https:\/\/rhone.libre-en-fete.net\/index.php?rest_route=\/wp\/v2\/types\/post"}],"author":[{"embeddable":true,"href":"https:\/\/rhone.libre-en-fete.net\/index.php?rest_route=\/wp\/v2\/users\/276"}],"replies":[{"embeddable":true,"href":"https:\/\/rhone.libre-en-fete.net\/index.php?rest_route=%2Fwp%2Fv2%2Fcomments&post=5429"}],"version-history":[{"count":1,"href":"https:\/\/rhone.libre-en-fete.net\/index.php?rest_route=\/wp\/v2\/posts\/5429\/revisions"}],"predecessor-version":[{"id":5430,"href":"https:\/\/rhone.libre-en-fete.net\/index.php?rest_route=\/wp\/v2\/posts\/5429\/revisions\/5430"}],"wp:attachment":[{"href":"https:\/\/rhone.libre-en-fete.net\/index.php?rest_route=%2Fwp%2Fv2%2Fmedia&parent=5429"}],"wp:term":[{"taxonomy":"category","embeddable":true,"href":"https:\/\/rhone.libre-en-fete.net\/index.php?rest_route=%2Fwp%2Fv2%2Fcategories&post=5429"},{"taxonomy":"post_tag","embeddable":true,"href":"https:\/\/rhone.libre-en-fete.net\/index.php?rest_route=%2Fwp%2Fv2%2Ftags&post=5429"}],"curies":[{"name":"wp","href":"https:\/\/api.w.org\/{rel}","templated":true}]}}